{"id":30097,"date":"2023-11-21T08:06:53","date_gmt":"2023-11-21T07:06:53","guid":{"rendered":"http:\/\/terra-urba.fr\/?p=30097"},"modified":"2023-11-21T08:25:37","modified_gmt":"2023-11-21T07:25:37","slug":"participation-a-la-19eme-edition-du-marathon-du-beaujolais-2023","status":"publish","type":"post","link":"https:\/\/terra-urba.fr\/index.php\/2023\/11\/21\/participation-a-la-19eme-edition-du-marathon-du-beaujolais-2023\/","title":{"rendered":"Participation \u00e0 la 19\u00e8me \u00e9dition du Marathon du Beaujolais 2023"},"content":{"rendered":"<p>Des kilom\u00e8tres de bitume, de la musique, des chants, des d\u00e9guisements color\u00e9s et cocasses et beaucoup d\u2019efforts \u00e9taient au rendez-vous du 19\u00e8me Marathon International du Beaujolais 2023, samedi 18 Novembre dernier \u00e0 Villefranche sur Sa\u00f4ne.<br \/>\nForte d&rsquo;une mobilisation sans pr\u00e9c\u00e9dent, l&rsquo;\u00e9quipe de TERRA URBA | G\u00e9om\u00e8tres &amp; Experts compos\u00e9e d&rsquo;une quinzaine de collaborateurs, clients et amis a fi\u00e8rement particip\u00e9 au semi-marathon et \u00e0 la 13km.<\/p>\n<p>Beaucoup de rires et de courbatures mais surtout une ambiance de folie sous les couleurs orange de TERRA URBA | G\u00e9om\u00e8tres &amp; Experts ! Un superbe moment en \u00e9quipe sportif et festif autour de la bonne humeur et du beaujolais nouveau !<\/p>\n<p>Un grand bravo \u00e0 Caroline, Pierre B. , S\u00e9bastien, R\u00e9mi, Alban, Xavier, Etienne, Jonathan, Nicholas, Pierre V. pour leur participation! Et un immense merci \u00e0 nos supporters Marine, Anna\u00eblle, Lionel et Julien pour le ravito sp\u00e9cial \u00ab\u00a0Terra Urba\u00a0\u00bb qu&rsquo;ils nous ont pr\u00e9par\u00e9.<\/p>\n<p>Merci \u00e0 l&rsquo;organisation et \u00e0 tous les spectateurs venus encourager les sportifs !<\/p>\n","protected":false},"excerpt":{"rendered":"<p>Des kilom\u00e8tres de bitume, de la musique, des chants, des d\u00e9guisements color\u00e9s et cocasses et beaucoup d\u2019efforts \u00e9taient au rendez-vous du 19\u00e8me Marathon International du Beaujolais 2023, samedi 18 Novembre dernier \u00e0 Villefranche sur Sa\u00f4ne. Forte d&rsquo;une mobilisation sans pr\u00e9c\u00e9dent, l&rsquo;\u00e9quipe de TERRA URBA | G\u00e9om\u00e8tres &amp; Experts compos\u00e9e d&rsquo;une quinzaine de collaborateurs, clients et [&hellip;]<\/p>\n","protected":false},"author":1,"featured_media":30108,"comment_status":"open","ping_status":"open","sticky":false,"template":"","format":"standard","meta":{"footnotes":""},"categories":[1],"tags":[],"_links":{"self":[{"href":"https:\/\/terra-urba.fr\/index.php\/wp-json\/wp\/v2\/posts\/30097"}],"collection":[{"href":"https:\/\/terra-urba.fr\/index.php\/wp-json\/wp\/v2\/posts"}],"about":[{"href":"https:\/\/terra-urba.fr\/index.php\/wp-json\/wp\/v2\/types\/post"}],"author":[{"embeddable":true,"href":"https:\/\/terra-urba.fr\/index.php\/wp-json\/wp\/v2\/users\/1"}],"replies":[{"embeddable":true,"href":"https:\/\/terra-urba.fr\/index.php\/wp-json\/wp\/v2\/comments?post=30097"}],"version-history":[{"count":2,"href":"https:\/\/terra-urba.fr\/index.php\/wp-json\/wp\/v2\/posts\/30097\/revisions"}],"predecessor-version":[{"id":30105,"href":"https:\/\/terra-urba.fr\/index.php\/wp-json\/wp\/v2\/posts\/30097\/revisions\/30105"}],"wp:featuredmedia":[{"embeddable":true,"href":"https:\/\/terra-urba.fr\/index.php\/wp-json\/wp\/v2\/media\/30108"}],"wp:attachment":[{"href":"https:\/\/terra-urba.fr\/index.php\/wp-json\/wp\/v2\/media?parent=30097"}],"wp:term":[{"taxonomy":"category","embeddable":true,"href":"https:\/\/terra-urba.fr\/index.php\/wp-json\/wp\/v2\/categories?post=30097"},{"taxonomy":"post_tag","embeddable":true,"href":"https:\/\/terra-urba.fr\/index.php\/wp-json\/wp\/v2\/tags?post=30097"}],"curies":[{"name":"wp","href":"https:\/\/api.w.org\/{rel}","templated":true}]}}